{"id":1020,"date":"2024-06-03T19:12:06","date_gmt":"2024-06-03T17:12:06","guid":{"rendered":"https:\/\/www.wezniepierdol.pl\/?p=1020"},"modified":"2024-06-03T19:14:35","modified_gmt":"2024-06-03T17:14:35","slug":"kali-ukrasc-krowe","status":"publish","type":"post","link":"https:\/\/www.wezniepierdol.pl\/?p=1020","title":{"rendered":"Kali ukra\u015b\u0107 krowa&#8230;"},"content":{"rendered":"\n<p class=\"wp-block-paragraph\">Tomasz Mraz, by\u0142y dyrektor w Funduszu Sprawiedliwo\u015bci, przez 2 lata nagrywa\u0142 kierownictwo Ministerstwa Sprawiedliwo\u015bci i przekaza\u0142 prokuraturze oko\u0142o 50 godzin ta\u015bm dotycz\u0105cych przewa\u0142\u00f3w.<\/p>\n\n\n\n<p class=\"wp-block-paragraph\">Jak Kalemu ukra\u015b\u0107 krowa, to jest \u017ale, ale jak Kali ukra\u015b\u0107 krowa, to jest dobrze. Wed\u0142ug tej zasady dzia\u0142a ostatnio ka\u017cda w\u0142adza w Polsce. Jak nagrywaj\u0105 przydupas\u00f3w Tuska &#8211; to \u017ale, i w\u0142a\u015bciciel lokalu ma przejebane. Ale jak nagrywaj\u0105 jego przeciwnik\u00f3w politycznych &#8211; to ju\u017c s\u0105 to dowody dla prokuratury. Ot, taka &#8222;mojsza racja ni\u017c twojsza&#8221;.<\/p>\n","protected":false},"excerpt":{"rendered":"<p>Tomasz Mraz, by\u0142y dyrektor w Funduszu Sprawiedliwo\u015bci, przez 2 lata nagrywa\u0142 kierownictwo Ministerstwa Sprawiedliwo\u015bci i przekaza\u0142 prokuraturze oko\u0142o 50 godzin ta\u015bm dotycz\u0105cych przewa\u0142\u00f3w. Jak Kalemu ukra\u015b\u0107 krowa, to jest \u017ale, ale jak Kali ukra\u015b\u0107 krowa, to jest dobrze. Wed\u0142ug tej zasady dzia\u0142a ostatnio ka\u017cda w\u0142adza w Polsce. Jak nagrywaj\u0105 przydupas\u00f3w Tuska &#8211; to \u017ale, i [&hellip;]<\/p>\n","protected":false},"author":3,"featured_media":0,"comment_status":"open","ping_status":"open","sticky":false,"template":"","format":"standard","meta":{"_crdt_document":"","ngg_post_thumbnail":0,"footnotes":""},"categories":[1],"tags":[141,41,399,54],"class_list":["post-1020","post","type-post","status-publish","format-standard","hentry","category-uncategorized","tag-pis","tag-po","tag-tasmy","tag-tusk"],"_links":{"self":[{"href":"https:\/\/www.wezniepierdol.pl\/index.php?rest_route=\/wp\/v2\/posts\/1020","targetHints":{"allow":["GET"]}}],"collection":[{"href":"https:\/\/www.wezniepierdol.pl\/index.php?rest_route=\/wp\/v2\/posts"}],"about":[{"href":"https:\/\/www.wezniepierdol.pl\/index.php?rest_route=\/wp\/v2\/types\/post"}],"author":[{"embeddable":true,"href":"https:\/\/www.wezniepierdol.pl\/index.php?rest_route=\/wp\/v2\/users\/3"}],"replies":[{"embeddable":true,"href":"https:\/\/www.wezniepierdol.pl\/index.php?rest_route=%2Fwp%2Fv2%2Fcomments&post=1020"}],"version-history":[{"count":5,"href":"https:\/\/www.wezniepierdol.pl\/index.php?rest_route=\/wp\/v2\/posts\/1020\/revisions"}],"predecessor-version":[{"id":1026,"href":"https:\/\/www.wezniepierdol.pl\/index.php?rest_route=\/wp\/v2\/posts\/1020\/revisions\/1026"}],"wp:attachment":[{"href":"https:\/\/www.wezniepierdol.pl\/index.php?rest_route=%2Fwp%2Fv2%2Fmedia&parent=1020"}],"wp:term":[{"taxonomy":"category","embeddable":true,"href":"https:\/\/www.wezniepierdol.pl\/index.php?rest_route=%2Fwp%2Fv2%2Fcategories&post=1020"},{"taxonomy":"post_tag","embeddable":true,"href":"https:\/\/www.wezniepierdol.pl\/index.php?rest_route=%2Fwp%2Fv2%2Ftags&post=1020"}],"curies":[{"name":"wp","href":"https:\/\/api.w.org\/{rel}","templated":true}]}}