{"id":1039,"date":"2024-07-08T22:08:03","date_gmt":"2024-07-08T20:08:03","guid":{"rendered":"https:\/\/www.wezniepierdol.pl\/?p=1039"},"modified":"2024-07-08T22:08:03","modified_gmt":"2024-07-08T20:08:03","slug":"wszyscy-zaplacimy-chuja-dostaniemy","status":"publish","type":"post","link":"https:\/\/www.wezniepierdol.pl\/?p=1039","title":{"rendered":"Wszyscy zap\u0142acimy, chuja dostaniemy"},"content":{"rendered":"\n<p class=\"wp-block-paragraph\">Polecam pos\u0142ucha\u0107 jak tuskowy specjalista wykr\u0119ca si\u0119 od odpowiedzi.<\/p>\n\n\n\n<figure class=\"wp-block-embed is-type-video is-provider-youtube wp-block-embed-youtube wp-embed-aspect-16-9 wp-has-aspect-ratio\"><div class=\"wp-block-embed__wrapper\">\n<iframe loading=\"lazy\" title=\"ZAORANIE MINISTRA KLIMATU PRZEZ REDAKTORA SUPER EXPRESS\" width=\"640\" height=\"360\" src=\"https:\/\/www.youtube.com\/embed\/Rw5m2Ez8IU0?feature=oembed\" frameborder=\"0\" allow=\"accelerometer; autoplay; clipboard-write; encrypted-media; gyroscope; picture-in-picture; web-share\" referrerpolicy=\"strict-origin-when-cross-origin\" allowfullscreen><\/iframe>\n<\/div><\/figure>\n\n\n\n<p class=\"wp-block-paragraph\">Pomijam w tym miejscu poziom intelektualny, jaki prezentuje ten ministrzyna. Wiadomo, nie powie jasno, \u017ce Unia zajebie pracuj\u0105cym kolejn\u0105, grub\u0105 kas\u0119. W zamian dostaniemy co najwy\u017cej ob\u015blizg\u0142ymi unijnymi chujami po twarzach.<\/p>\n\n\n\n<p class=\"wp-block-paragraph\">Jak s\u0142ucham takich baran\u00f3w to nie dziwi\u0119 si\u0119 osobom, kt\u00f3re postuluj\u0105 ucieczk\u0119 z europejskiego ko\u0142chozu.<\/p>\n","protected":false},"excerpt":{"rendered":"<p>Polecam pos\u0142ucha\u0107 jak tuskowy specjalista wykr\u0119ca si\u0119 od odpowiedzi. Pomijam w tym miejscu poziom intelektualny, jaki prezentuje ten ministrzyna. Wiadomo, nie powie jasno, \u017ce Unia zajebie pracuj\u0105cym kolejn\u0105, grub\u0105 kas\u0119. W zamian dostaniemy co najwy\u017cej ob\u015blizg\u0142ymi unijnymi chujami po twarzach. Jak s\u0142ucham takich baran\u00f3w to nie dziwi\u0119 si\u0119 osobom, kt\u00f3re postuluj\u0105 ucieczk\u0119 z europejskiego ko\u0142chozu.<\/p>\n","protected":false},"author":3,"featured_media":0,"comment_status":"open","ping_status":"open","sticky":false,"template":"","format":"standard","meta":{"_crdt_document":"","ngg_post_thumbnail":0,"footnotes":""},"categories":[1],"tags":[393,57,409,41,54,410,408],"class_list":["post-1039","post","type-post","status-publish","format-standard","hentry","category-uncategorized","tag-ekologia","tag-eurokolchoz","tag-globale-ocieplenie","tag-po","tag-tusk","tag-ue","tag-zielony-lad"],"_links":{"self":[{"href":"https:\/\/www.wezniepierdol.pl\/index.php?rest_route=\/wp\/v2\/posts\/1039","targetHints":{"allow":["GET"]}}],"collection":[{"href":"https:\/\/www.wezniepierdol.pl\/index.php?rest_route=\/wp\/v2\/posts"}],"about":[{"href":"https:\/\/www.wezniepierdol.pl\/index.php?rest_route=\/wp\/v2\/types\/post"}],"author":[{"embeddable":true,"href":"https:\/\/www.wezniepierdol.pl\/index.php?rest_route=\/wp\/v2\/users\/3"}],"replies":[{"embeddable":true,"href":"https:\/\/www.wezniepierdol.pl\/index.php?rest_route=%2Fwp%2Fv2%2Fcomments&post=1039"}],"version-history":[{"count":3,"href":"https:\/\/www.wezniepierdol.pl\/index.php?rest_route=\/wp\/v2\/posts\/1039\/revisions"}],"predecessor-version":[{"id":1043,"href":"https:\/\/www.wezniepierdol.pl\/index.php?rest_route=\/wp\/v2\/posts\/1039\/revisions\/1043"}],"wp:attachment":[{"href":"https:\/\/www.wezniepierdol.pl\/index.php?rest_route=%2Fwp%2Fv2%2Fmedia&parent=1039"}],"wp:term":[{"taxonomy":"category","embeddable":true,"href":"https:\/\/www.wezniepierdol.pl\/index.php?rest_route=%2Fwp%2Fv2%2Fcategories&post=1039"},{"taxonomy":"post_tag","embeddable":true,"href":"https:\/\/www.wezniepierdol.pl\/index.php?rest_route=%2Fwp%2Fv2%2Ftags&post=1039"}],"curies":[{"name":"wp","href":"https:\/\/api.w.org\/{rel}","templated":true}]}}