{"id":135,"date":"2011-03-15T00:03:58","date_gmt":"2011-03-14T22:03:58","guid":{"rendered":"http:\/\/www.wezniepierdol.pl\/?p=135"},"modified":"2011-12-24T14:21:45","modified_gmt":"2011-12-24T12:21:45","slug":"rowni-i-rowniejsi","status":"publish","type":"post","link":"https:\/\/www.wezniepierdol.pl\/?p=135","title":{"rendered":"R\u00f3wni i r\u00f3wniejsi"},"content":{"rendered":"<p>Czy kto\u015b wierzy w sprawiedliwo\u015b\u0107? Ja by\u0107 mo\u017ce uwierz\u0119. Wszystko zale\u017cy od wyniku jaki da pozew jednego z obywateli. Dotyczy on wysoko\u015bci odszkodowania dla rodziny tragicznie zmar\u0142ego w wypadku samochodowym go\u015bcia. Ale do rzeczy.<\/p>\n<p>Jak wszyscy wiemy (a jak nie wiemy to w\u0142a\u015bnie si\u0119 dowiemy) Konstytucja Rzeczpospolitej Polskiej GWARANTUJE ka\u017cdemu obywatelowi R\u00d3WNO\u015a\u0106 wobec prawa. Art. 32 punkt 1 m\u00f3wi &#8222;<em>Wszyscy s\u0105 wobec prawa r\u00f3wni. Wszyscy maj\u0105 prawo do r\u00f3wnego traktowania przez w\u0142adze publiczne.<\/em>&#8221; Trzymaj\u0105c si\u0119 tego kurczowo pewna rodzina wyst\u0105pi\u0142a do s\u0105du o zas\u0105dzenie odszkodowania w wysoko\u015bci zaproponowanej przez polski nieRz\u0105d rodzinom ofiar wypadku zwanego przez niekt\u00f3rych katastrof\u0105 smole\u0144sk\u0105. Jak g\u0142osz\u0105 ostatnie wie\u015bci w tej sprawie, mi\u0142o\u015bciwie nam panuj\u0105cy premier Tusk, \u0142askawym okiem postanowi\u0142 spojrze\u0107 na ofiary losu i podarowa\u0107 im lekk\u0105 r\u0119k\u0105 250 baniek. Baniek, na kt\u00f3re oczywi\u015bcie z\u0142o\u017cymy si\u0119 my wszyscy. Pieni\u0105\u017cki te nie p\u00f3jd\u0105 w ca\u0142o\u015bci z kieszeni premiera, tak jak nie funduje ten\u017ce \u017cadnych innych danin, jakie z ochot\u0105 na obywateli nak\u0142ada, zrzucaj\u0105c win\u0119 na sytuacj\u0119 w kRaju (czyli po\u015brednio na w\u0142asn\u0105 nieudolno\u015b\u0107). Tak to po raz kolejny przychodzi nam p\u0142aci\u0107 za kompletny brak kompetencji \u015bwi\u0144 przy korycie, kt\u00f3re wybrane zosta\u0142y przez zacofany i otumaniony nar\u00f3d. Nar\u00f3d, kt\u00f3remu banda takich samych debili da\u0142a prawo do decydowania kto mo\u017ce a kto nie nim kierowa\u0107.<\/p>\n<p>Wr\u00f3\u0107my jednak do w\u0105tku g\u0142\u00f3wnego. Mamy wi\u0119c 250 baniek dla ka\u017cdego cz\u0142onka (oraz zapewne waginy) rodziny ofiary wypadku jaki mia\u0142 miejsce pod Smole\u0144skiem. Pod\u0105\u017caj\u0105c tym tropem (trupem?) nale\u017ca\u0142o si\u0119 spodziewa\u0107 szybkiej reakcji ze strony spo\u0142ecze\u0144stwa, kt\u00f3re, wbrew temu co \u015bwinie s\u0105dz\u0105, my\u015ble\u0107 potrafi. Pierwsza rodzina ju\u017c wyst\u0105pi\u0142a do ubezpieczyciela o odszkodowanie za \u015bmier\u0107 syna w wypadku samochodowym w adekwatnej wysoko\u015bci. Czym\u017ce wszak r\u00f3\u017cni si\u0119 b\u00f3l po utracie syna od b\u00f3lu jaki prze\u017cywa\u0142y rodziny zmar\u0142ych w wypadku pod Smole\u0144skiem? Je\u015bli kto\u015b znajdzie r\u00f3\u017cnic\u0119, to z miejsca mu gratuluj\u0119.<\/p>\n<p>Mam nadziej\u0119, \u017ce na jednym pozwie si\u0119 nie sko\u0144czy. Mam nadziej\u0119, \u017ce pozw\u00f3w takich b\u0119dzie ca\u0142e mn\u00f3stwo. I mam nadziej\u0119, \u017ce ca\u0142\u0105 odpowiedzialno\u015b\u0107 ponios\u0105 rz\u0105dz\u0105cy, kt\u00f3rzy bezmy\u015blnie wydaj\u0105 nasze pieni\u0105dze. Co prawda, o ile dwie pierwsze nadzieje maj\u0105 szans\u0119 na spe\u0142nienie, o tyle jestem pewien, \u017ce \u015bwinie wykr\u0119c\u0105 si\u0119 sianem &#8211; jak to do tej pory by\u0142o.<\/p>\n<p>A na koniec, niech wolno mi b\u0119dzie przytoczy\u0107 s\u0142owa profesora w z\u0105bek czesanego Jerzego Pisuli\u0144skiego: &#8222;<em>Wy\u017csze zado\u015b\u0107uczynienia poci\u0105gn\u0105 za sob\u0105 wy\u017csze podatki, wy\u017csze  ubezpieczenia, kt\u00f3rych i tak wielu kierowc\u00f3w ju\u017c nie p\u0142aci. B\u0119d\u0105 r\u00f3wnie\u017c  wy\u017csze koszty leczenia, a szpitale b\u0119d\u0105 \u017c\u0105da\u0107 wy\u017cszych kontrakt\u00f3w od  NFZ. Przecie\u017c na zado\u015b\u0107uczynienia wyp\u0142acane przez skarb pa\u0144stwa sk\u0142adamy  si\u0119 ja i pan. Chce pan p\u0142aci\u0107 wy\u017csze podatki? Ka\u017cdy kij ma dwa ko\u0144ce<\/em>&#8222;. Nosz kurwa jego jebana w pizd\u0119 je\u017ca ma\u0107. To ma by\u0107 argument osoby inteligentnej (no bo chyba literki <em>prof<\/em> przed nazwiskiem do czego\u015b zobowi\u0105zuj\u0105)? To mamy ludziom nie p\u0142aci\u0107 odszkodowa\u0144, bo &#8222;b\u0119dziemy p\u0142aci\u0107 wi\u0119ksze podatki&#8221;? Czyli wed\u0142ug pana profesora jednym si\u0119 kasa za tragedi\u0119 nale\u017cy a innym nie tylko dlatego, \u017ce ci pierwsi zostali okrzykni\u0119ci przez jak\u0105\u015b band\u0119 niedorozwini\u0119tych partyjniak\u00f3w \u015bwi\u0119tymi a ci drudzy to zwykli obywatele? Mo\u017ce czas na solidn\u0105 weryfikacj\u0119 kadry nauczycielskiej w tym kRaju, bo ja osobi\u015bcie swoich dzieci pod opiek\u0119 takich niedouczonych belfr\u00f3w nie odda\u0142bym za \u017cadne skarby!<\/p>\n","protected":false},"excerpt":{"rendered":"<p>Czy kto\u015b wierzy w sprawiedliwo\u015b\u0107? Ja by\u0107 mo\u017ce uwierz\u0119. Wszystko zale\u017cy od wyniku jaki da pozew jednego z obywateli. Dotyczy on wysoko\u015bci odszkodowania dla rodziny tragicznie zmar\u0142ego w wypadku samochodowym go\u015bcia. Ale do rzeczy. Jak wszyscy wiemy (a jak nie wiemy to w\u0142a\u015bnie si\u0119 dowiemy) Konstytucja Rzeczpospolitej Polskiej GWARANTUJE ka\u017cdemu obywatelowi R\u00d3WNO\u015a\u0106 wobec prawa. Art. [&hellip;]<\/p>\n","protected":false},"author":3,"featured_media":0,"comment_status":"open","ping_status":"open","sticky":false,"template":"","format":"standard","meta":{"_crdt_document":"","ngg_post_thumbnail":0,"footnotes":""},"categories":[1],"tags":[28,29,30,31,32],"class_list":["post-135","post","type-post","status-publish","format-standard","hentry","category-uncategorized","tag-konstytucja","tag-obywatele","tag-rownosc","tag-smolensk","tag-wypadek"],"_links":{"self":[{"href":"https:\/\/www.wezniepierdol.pl\/index.php?rest_route=\/wp\/v2\/posts\/135","targetHints":{"allow":["GET"]}}],"collection":[{"href":"https:\/\/www.wezniepierdol.pl\/index.php?rest_route=\/wp\/v2\/posts"}],"about":[{"href":"https:\/\/www.wezniepierdol.pl\/index.php?rest_route=\/wp\/v2\/types\/post"}],"author":[{"embeddable":true,"href":"https:\/\/www.wezniepierdol.pl\/index.php?rest_route=\/wp\/v2\/users\/3"}],"replies":[{"embeddable":true,"href":"https:\/\/www.wezniepierdol.pl\/index.php?rest_route=%2Fwp%2Fv2%2Fcomments&post=135"}],"version-history":[{"count":8,"href":"https:\/\/www.wezniepierdol.pl\/index.php?rest_route=\/wp\/v2\/posts\/135\/revisions"}],"predecessor-version":[{"id":201,"href":"https:\/\/www.wezniepierdol.pl\/index.php?rest_route=\/wp\/v2\/posts\/135\/revisions\/201"}],"wp:attachment":[{"href":"https:\/\/www.wezniepierdol.pl\/index.php?rest_route=%2Fwp%2Fv2%2Fmedia&parent=135"}],"wp:term":[{"taxonomy":"category","embeddable":true,"href":"https:\/\/www.wezniepierdol.pl\/index.php?rest_route=%2Fwp%2Fv2%2Fcategories&post=135"},{"taxonomy":"post_tag","embeddable":true,"href":"https:\/\/www.wezniepierdol.pl\/index.php?rest_route=%2Fwp%2Fv2%2Ftags&post=135"}],"curies":[{"name":"wp","href":"https:\/\/api.w.org\/{rel}","templated":true}]}}