{"id":506,"date":"2016-03-22T14:24:43","date_gmt":"2016-03-22T12:24:43","guid":{"rendered":"http:\/\/www.wezniepierdol.pl\/?p=506"},"modified":"2016-03-22T14:24:43","modified_gmt":"2016-03-22T12:24:43","slug":"czy-europa-jest-przygotowana-na-kolejne-ataki","status":"publish","type":"post","link":"https:\/\/www.wezniepierdol.pl\/?p=506","title":{"rendered":"Czy Europa jest przygotowana na kolejne ataki?"},"content":{"rendered":"<p>Wszystkie media hucz\u0105: &#8222;Zamachy w Belgii&#8221;. Temat, niew\u0105tpliwie, emocjonuj\u0105cy. Sytuacja wyra\u017anie pokazuje, \u017ce mamy problem. Pow\u00f3d problemu jest bardzo prosty i nie o tym chcia\u0142em napisa\u0107.<\/p>\n<p>Mnie dzi\u015b interesuje odpowied\u017a na pytanie, czy Europa jest przygotowana na ataki terrorystyczne? Po kr\u00f3tkim zastanowieniu odpowied\u017a okazuje si\u0119 prosta jak chuj w dupie cycatej mulatki. Od lat trwaj\u0105 przygotowania, s\u0142abo uszczelnione granice w pa\u0144stwach o\u015bciennych. Popatrzmy na przyk\u0142ad W\u0119gier, jaki rejwach podnios\u0142o unijne jego w dup\u0119 ma\u0107 lewactwo na wie\u015b\u0107 o patrolach, murach tudzie\u017c innych ogrodzeniach? Unia z otwartymi r\u0119kami przyj\u0119\u0142a tabuny uchod\u017ac\u00f3w, bez \u017cadnej weryfikacji, bez \u017cadnej kontroli. Niemcy wr\u0119cz hucza\u0142y, zmusza\u0142y wszystkie zrzeszone pa\u0144stwa do przyjmowania nap\u0142ywaj\u0105cych stad. Nikt nie chcia\u0142 s\u0142ucha\u0107 s\u0142\u00f3w rozs\u0105dku, ludzi sprzeciwiaj\u0105cych si\u0119 imigrantom nazywano oszo\u0142omami, homofobami, i chuj jeszcze wie jak inaczej. No to teraz macie. Czy teraz pani Merkel we\u017amie na klat\u0119 te zamachy? Czy przyzna si\u0119, \u017ce pope\u0142ni\u0142a b\u0142\u0105d? Czy uzna si\u0119 za wsp\u00f3\u0142winn\u0105 tragedii?<\/p>\n<p>Odpowied\u017a wi\u0119c jest prosta i kr\u00f3tka. Tak, Europa jest przygotowana. Ka\u017cdy mo\u017ce tu przyjecha\u0107 i pod\u0142o\u017cy\u0107 bomb\u0119 gdzie i kiedy chce!<\/p>\n","protected":false},"excerpt":{"rendered":"<p>Wszystkie media hucz\u0105: &#8222;Zamachy w Belgii&#8221;. Temat, niew\u0105tpliwie, emocjonuj\u0105cy. Sytuacja wyra\u017anie pokazuje, \u017ce mamy problem. Pow\u00f3d problemu jest bardzo prosty i nie o tym chcia\u0142em napisa\u0107. Mnie dzi\u015b interesuje odpowied\u017a na pytanie, czy Europa jest przygotowana na ataki terrorystyczne? Po kr\u00f3tkim zastanowieniu odpowied\u017a okazuje si\u0119 prosta jak chuj w dupie cycatej mulatki. Od lat trwaj\u0105 [&hellip;]<\/p>\n","protected":false},"author":3,"featured_media":0,"comment_status":"open","ping_status":"open","sticky":false,"template":"","format":"standard","meta":{"_crdt_document":"","ngg_post_thumbnail":0,"footnotes":""},"categories":[1],"tags":[125,127,128,124,126],"class_list":["post-506","post","type-post","status-publish","format-standard","hentry","category-uncategorized","tag-isis","tag-islam","tag-islamisci","tag-terroryzm","tag-zamach"],"_links":{"self":[{"href":"https:\/\/www.wezniepierdol.pl\/index.php?rest_route=\/wp\/v2\/posts\/506","targetHints":{"allow":["GET"]}}],"collection":[{"href":"https:\/\/www.wezniepierdol.pl\/index.php?rest_route=\/wp\/v2\/posts"}],"about":[{"href":"https:\/\/www.wezniepierdol.pl\/index.php?rest_route=\/wp\/v2\/types\/post"}],"author":[{"embeddable":true,"href":"https:\/\/www.wezniepierdol.pl\/index.php?rest_route=\/wp\/v2\/users\/3"}],"replies":[{"embeddable":true,"href":"https:\/\/www.wezniepierdol.pl\/index.php?rest_route=%2Fwp%2Fv2%2Fcomments&post=506"}],"version-history":[{"count":2,"href":"https:\/\/www.wezniepierdol.pl\/index.php?rest_route=\/wp\/v2\/posts\/506\/revisions"}],"predecessor-version":[{"id":509,"href":"https:\/\/www.wezniepierdol.pl\/index.php?rest_route=\/wp\/v2\/posts\/506\/revisions\/509"}],"wp:attachment":[{"href":"https:\/\/www.wezniepierdol.pl\/index.php?rest_route=%2Fwp%2Fv2%2Fmedia&parent=506"}],"wp:term":[{"taxonomy":"category","embeddable":true,"href":"https:\/\/www.wezniepierdol.pl\/index.php?rest_route=%2Fwp%2Fv2%2Fcategories&post=506"},{"taxonomy":"post_tag","embeddable":true,"href":"https:\/\/www.wezniepierdol.pl\/index.php?rest_route=%2Fwp%2Fv2%2Ftags&post=506"}],"curies":[{"name":"wp","href":"https:\/\/api.w.org\/{rel}","templated":true}]}}