{"id":558,"date":"2016-11-21T14:39:47","date_gmt":"2016-11-21T12:39:47","guid":{"rendered":"http:\/\/www.wezniepierdol.pl\/?p=558"},"modified":"2016-11-21T14:40:21","modified_gmt":"2016-11-21T12:40:21","slug":"pojebalo","status":"publish","type":"post","link":"https:\/\/www.wezniepierdol.pl\/?p=558","title":{"rendered":"Pojeba\u0142o?"},"content":{"rendered":"<p>Minister jego ma\u0107 kolejny raz si\u0119 odezwa\u0142. Wygl\u0105da na to, \u017ce im wi\u0119cej m\u00f3wi tym bardziej jebni\u0119te pomys\u0142y wypluwa. Tym razem chce ograniczy\u0107 kwot\u0119 woln\u0105 od podatku. Zamiast&nbsp;zwr\u00f3ci\u0107 ludziom ich ci\u0119\u017cko zarobione pieni\u0105dze, b\u0119dzie tym zaradniejszym jeszcze wi\u0119cej zabiera\u0142.<\/p>\nngg_shortcode_0_placeholder\n<p>Kurwa, a\u017c chce si\u0119 wy\u0107 na tego pojebanego socjalist\u0119. Mo\u017ce nich kurwa zaczn\u0105 chuje od siebie? Ich kwota wolna od podatku jest niemal\u017ce 10-krotnie wy\u017csza.&nbsp;Mo\u017ce to najpierw trzeba ujeba\u0107, \u017ceby si\u0119ga\u0107 dalej do kieszeni podatnik\u00f3w? Elementarna przyzwoito\u015b\u0107 tego by wymaga\u0142a. Ale o co ja pos\u0105dzam tych koryciarzy?<\/p>\n","protected":false},"excerpt":{"rendered":"<p>Minister jego ma\u0107 kolejny raz si\u0119 odezwa\u0142. Wygl\u0105da na to, \u017ce im wi\u0119cej m\u00f3wi tym bardziej jebni\u0119te pomys\u0142y wypluwa. Tym razem chce ograniczy\u0107 kwot\u0119 woln\u0105 od podatku. Zamiast&nbsp;zwr\u00f3ci\u0107 ludziom ich ci\u0119\u017cko zarobione pieni\u0105dze, b\u0119dzie tym zaradniejszym jeszcze wi\u0119cej zabiera\u0142. Kurwa, a\u017c chce si\u0119 wy\u0107 na tego pojebanego socjalist\u0119. Mo\u017ce nich kurwa zaczn\u0105 chuje od siebie? [&hellip;]<\/p>\n","protected":false},"author":3,"featured_media":0,"comment_status":"open","ping_status":"open","sticky":false,"template":"","format":"standard","meta":{"_crdt_document":"","ngg_post_thumbnail":0,"footnotes":""},"categories":[1],"tags":[142,140,141,86],"class_list":["post-558","post","type-post","status-publish","format-standard","hentry","category-uncategorized","tag-kwota-wolna","tag-morawiecki","tag-pis","tag-podatki"],"_links":{"self":[{"href":"https:\/\/www.wezniepierdol.pl\/index.php?rest_route=\/wp\/v2\/posts\/558","targetHints":{"allow":["GET"]}}],"collection":[{"href":"https:\/\/www.wezniepierdol.pl\/index.php?rest_route=\/wp\/v2\/posts"}],"about":[{"href":"https:\/\/www.wezniepierdol.pl\/index.php?rest_route=\/wp\/v2\/types\/post"}],"author":[{"embeddable":true,"href":"https:\/\/www.wezniepierdol.pl\/index.php?rest_route=\/wp\/v2\/users\/3"}],"replies":[{"embeddable":true,"href":"https:\/\/www.wezniepierdol.pl\/index.php?rest_route=%2Fwp%2Fv2%2Fcomments&post=558"}],"version-history":[{"count":2,"href":"https:\/\/www.wezniepierdol.pl\/index.php?rest_route=\/wp\/v2\/posts\/558\/revisions"}],"predecessor-version":[{"id":560,"href":"https:\/\/www.wezniepierdol.pl\/index.php?rest_route=\/wp\/v2\/posts\/558\/revisions\/560"}],"wp:attachment":[{"href":"https:\/\/www.wezniepierdol.pl\/index.php?rest_route=%2Fwp%2Fv2%2Fmedia&parent=558"}],"wp:term":[{"taxonomy":"category","embeddable":true,"href":"https:\/\/www.wezniepierdol.pl\/index.php?rest_route=%2Fwp%2Fv2%2Fcategories&post=558"},{"taxonomy":"post_tag","embeddable":true,"href":"https:\/\/www.wezniepierdol.pl\/index.php?rest_route=%2Fwp%2Fv2%2Ftags&post=558"}],"curies":[{"name":"wp","href":"https:\/\/api.w.org\/{rel}","templated":true}]}}