{"id":722,"date":"2020-09-10T15:27:33","date_gmt":"2020-09-10T13:27:33","guid":{"rendered":"https:\/\/www.wezniepierdol.pl\/?p=722"},"modified":"2020-09-10T15:27:33","modified_gmt":"2020-09-10T13:27:33","slug":"uczciwi-rzadzacy","status":"publish","type":"post","link":"https:\/\/www.wezniepierdol.pl\/?p=722","title":{"rendered":"Uczciwi rz\u0105dz\u0105cy"},"content":{"rendered":"\n<p class=\"wp-block-paragraph\">Ale zajebisty oksymoron wyszed\u0142 w tytule!<\/p>\n\n\n\n<p class=\"wp-block-paragraph\">Gazeta Prawna analizuje faktur\u0119 jak\u0105 otrzyma\u0142o ministerstwo za dostarczenie nieistniej\u0105cych respirator\u00f3w. Wszystko wygl\u0105da w porz\u0105dku, je\u015bli przygl\u0105dn\u0105\u0107 si\u0119 tej z odleg\u0142o\u015bci 100 lat \u015bwietlnych. Je\u015bli zbli\u017cy\u0107 si\u0119 jednak do niej odrobink\u0119, wy\u0142a\u017c\u0105 babole, za kt\u00f3re zwyk\u0142y polski przedsi\u0119biorca ju\u017c by siedzia\u0142, jego maj\u0105tek zaj\u0105\u0142by fiskus, a rodzina musia\u0142aby spierdala\u0107 na antypody, przed dalszymi roszczeniami skarb\u00f3wki. Ale przecie\u017c nikt nie ruszy krewnych i znajomych kr\u00f3lika (w tym przypadku &#8211; <strong><em>szumnie<\/em><\/strong> nazywanego jeszcze nie tak dawno ministrem zdrowia). No i minister Ziobro-Ziobro stwierdzi\u0142, \u017ce \u017bADNYCH uchybie\u0144 nie widzi. No kurwa <em>santo subito<\/em> jak raz!<\/p>\n\n\n\n<p class=\"wp-block-paragraph\">A teraz do rzeczy.<br>1. Transakcja pomi\u0119dzy polskimi podmiotami &#8211; faktura z przeciekami w j\u0119zyku angielskim. \ud83d\ude42 Kukiz kiedy\u015b \u015bpiewa\u0142: &#8222;<em>My ju\u017c s\u0105 amerykany&#8230;<\/em>&#8221; \ud83d\ude42 Jaki\u015b p\u00f3\u0142g\u0142\u00f3wek nawet nie wie, \u017ce s\u0142owo &#8222;orygina\u0142&#8221; w j\u0119zyku angielskim pisze si\u0119 &#8222;original&#8221; a nie &#8222;oryginal&#8221; jak jest na tym dokumencie. A nawet je\u015bli mia\u0142oby to by\u0107 po polsku, to dlaczego brakuje polskiej literki &#8222;\u0142&#8221; na ko\u0144cu wyrazu?<br>2. Faktura ma by\u0107 cz\u0119\u015bciowo przedp\u0142acona, ale ni chuja nie wiadomo ile. Pojawiaj\u0105 si\u0119 dwie warto\u015bci: 50% i 65%. Czyli co, razem firma chce wycycka\u0107 skarb pa\u0144stwa na 115%?<br>3. Nie ma wyszczeg\u00f3lnionej stawki VAT. Kto\u015b &#8222;\u0119telyg\u0119tny&#8221; si\u0119 wyrwie i powie, \u017ce pewnie transakcja ma by\u0107 zwolniona z VAT. To ode\u015bl\u0119 do ustawy o VAT &#8211; taka informacja na fakturze te\u017c jest obowiazkowa. Bez tego faktura jest &#8211; og\u00f3lnie rzecz bior\u0105c &#8211; b\u0142\u0119dna!<br>4. W nag\u0142\u00f3wku faktury nazwa firmy zawiera &#8222;Co. Ltd.&#8221;, na piecz\u0119ci jest jednak &#8222;Sp. z o.o&#8221;. No to niech si\u0119 kurwa zdecyduj\u0105!<br>5. NIP te\u017c mo\u017cna znale\u017a\u0107 dopiero na piecz\u0105tce. w nag\u0142\u00f3wku nie ma takiej informacji. Ale uznajmy, \u017ce to najmniejszy problem z wszystkich wy\u017cej wymienionych.<\/p>\n\n\n\n<p class=\"wp-block-paragraph\">Podsumowuj\u0105. Zwyk\u0142y przedsi\u0119biorca ma obowi\u0105zek zweryfikowa\u0107 kontrahenta, dokumenty przez niego wystawione itp. Inaczej wzbudzi to podejrzenia fiskusa i b\u0119dzie si\u0119 to wi\u0105za\u0142o z odpowiednimi konsekwencjami. Ale widzimy, \u017ce w przypadku naszych \u015bwi\u0144 przy korycie i ich najbli\u017cszych z chlewu mamy inny standard. Ty zwyk\u0142y polaku chyl czo\u0142a i zapierdalaj, aby wierchuszka mog\u0142a zarobione przez Ciebie pieni\u0105dze przepierdoli\u0107 bez zaj\u0105kni\u0119cia. Wa\u017cne, \u017ce kieszenie napchane i swojaki ustawione! Ciemny nar\u00f3d to kupi i chuj mu do tego jakie lody kr\u0119ci si\u0119 tam na g\u00f3rze!<\/p>\n","protected":false},"excerpt":{"rendered":"<p>Ale zajebisty oksymoron wyszed\u0142 w tytule! Gazeta Prawna analizuje faktur\u0119 jak\u0105 otrzyma\u0142o ministerstwo za dostarczenie nieistniej\u0105cych respirator\u00f3w. Wszystko wygl\u0105da w porz\u0105dku, je\u015bli przygl\u0105dn\u0105\u0107 si\u0119 tej z odleg\u0142o\u015bci 100 lat \u015bwietlnych. Je\u015bli zbli\u017cy\u0107 si\u0119 jednak do niej odrobink\u0119, wy\u0142a\u017c\u0105 babole, za kt\u00f3re zwyk\u0142y polski przedsi\u0119biorca ju\u017c by siedzia\u0142, jego maj\u0105tek zaj\u0105\u0142by fiskus, a rodzina musia\u0142aby spierdala\u0107 [&hellip;]<\/p>\n","protected":false},"author":3,"featured_media":0,"comment_status":"open","ping_status":"open","sticky":false,"template":"","format":"standard","meta":{"_crdt_document":"","ngg_post_thumbnail":0,"footnotes":""},"categories":[1],"tags":[225,229,228,210,227],"class_list":["post-722","post","type-post","status-publish","format-standard","hentry","category-uncategorized","tag-covid","tag-przekret","tag-respiratory","tag-szumowski","tag-vat"],"_links":{"self":[{"href":"https:\/\/www.wezniepierdol.pl\/index.php?rest_route=\/wp\/v2\/posts\/722","targetHints":{"allow":["GET"]}}],"collection":[{"href":"https:\/\/www.wezniepierdol.pl\/index.php?rest_route=\/wp\/v2\/posts"}],"about":[{"href":"https:\/\/www.wezniepierdol.pl\/index.php?rest_route=\/wp\/v2\/types\/post"}],"author":[{"embeddable":true,"href":"https:\/\/www.wezniepierdol.pl\/index.php?rest_route=\/wp\/v2\/users\/3"}],"replies":[{"embeddable":true,"href":"https:\/\/www.wezniepierdol.pl\/index.php?rest_route=%2Fwp%2Fv2%2Fcomments&post=722"}],"version-history":[{"count":2,"href":"https:\/\/www.wezniepierdol.pl\/index.php?rest_route=\/wp\/v2\/posts\/722\/revisions"}],"predecessor-version":[{"id":725,"href":"https:\/\/www.wezniepierdol.pl\/index.php?rest_route=\/wp\/v2\/posts\/722\/revisions\/725"}],"wp:attachment":[{"href":"https:\/\/www.wezniepierdol.pl\/index.php?rest_route=%2Fwp%2Fv2%2Fmedia&parent=722"}],"wp:term":[{"taxonomy":"category","embeddable":true,"href":"https:\/\/www.wezniepierdol.pl\/index.php?rest_route=%2Fwp%2Fv2%2Fcategories&post=722"},{"taxonomy":"post_tag","embeddable":true,"href":"https:\/\/www.wezniepierdol.pl\/index.php?rest_route=%2Fwp%2Fv2%2Ftags&post=722"}],"curies":[{"name":"wp","href":"https:\/\/api.w.org\/{rel}","templated":true}]}}