{"id":747,"date":"2020-10-31T23:04:03","date_gmt":"2020-10-31T21:04:03","guid":{"rendered":"https:\/\/www.wezniepierdol.pl\/?p=747"},"modified":"2020-10-31T23:04:03","modified_gmt":"2020-10-31T21:04:03","slug":"wina-tuska","status":"publish","type":"post","link":"https:\/\/www.wezniepierdol.pl\/?p=747","title":{"rendered":"Wina Tuska!"},"content":{"rendered":"\n<p class=\"wp-block-paragraph\">Tak mnie nasz\u0142o. Obserwuj\u0105c ca\u0142\u0105 t\u0105 obecn\u0105 sytuacj\u0119, dochodz\u0119 do jednego wniosku. To wszystko wina Tuska! Tak, kurwa, Tuska! Dobrze czytacie! Gdyby jego banda skurwysyn\u00f3w nie nakr\u0119ci\u0142a przez 8 lat lod\u00f3w jak chuj, to w wyborach w 2015 nar\u00f3d nie wygna\u0142by ich od koryta i nie wybra\u0142by szczyn z pisuaru!<\/p>\n\n\n\n<p class=\"wp-block-paragraph\">Nie zrozumcie mnie \u017ale &#8211; wcale za platfusami nie obstaj\u0119, tak samo jak za pisuarami. Dla mnie obie partie to zbieranina skurwysyn\u00f3w, karierowicz\u00f3w i kr\u0119taczy. By\u0107 mo\u017ce z nielicznymi wyj\u0105tkami, ale tych nikt ze starych wyjadaczy nie dopu\u015bci do \u017c\u0142obu przecie\u017c.<\/p>\n\n\n\n<p class=\"wp-block-paragraph\">A teraz, tak tylko dla przypomnienia, jakby jakiemu\u015b debilowi przy kolejnych wyborach zn\u00f3w zachcia\u0142o si\u0119 g\u0142osowa\u0107 na platfus\u00f3w. Oto lista z wybranymi aferami autorstwa z\u0142odziei z PO:<\/p>\n\n\n\n<ul class=\"wp-block-list\"><li>afera ta\u015bmowa &#8211; to ta, z kt\u00f3rej dowiedzieli\u015bmy si\u0119 m. in. \u017ce &#8222;pa\u0144stwo polskie istnieje tylko teoretycznie&#8221; i liczy si\u0119 tylko kto ile ukradnie;<\/li><li>afera Amber Gold<\/li><li>przekr\u0119ty reprywatyzacyjne<\/li><li>rozjebanie polskich stoczni<\/li><li>rozjebanie wielu polskich firm buduj\u0105cych autostrady<\/li><li>nieudana na szcz\u0119\u015bcie pr\u00f3ba rozjebania &#8222;PLL LOT&#8221;<\/li><li>afera hazardowa<\/li><li>kradzie\u017c ponad 150 miliard\u00f3w z\u0142otych z OFE &#8211; pieni\u0119dzy, kt\u00f3re nale\u017ca\u0142y do ludzi pracuj\u0105cych (wed\u0142ug herszta Tuska oczywi\u015bcie te pieni\u0105dze si\u0119 tym ludziom nie nale\u017ca\u0142y &#8211; tak jakby, kurwa, nie z ich pensji by\u0142y potr\u0105cane!!!)<\/li><li>podwy\u017cszenie VAT &#8211; najd\u0142u\u017cej trwaj\u0105ce 2 lata w historii Ziemi!!!<\/li><li>podwy\u017cszenie ca\u0142ej masy innych podatk\u00f3w, danin itp.<\/li><li>wyprzeda\u017c sp\u00f3\u0142ek pa\u0144stwowych &#8222;za psie pieni\u0105dze&#8221;, w tym firm o znaczeniu strategicznym<\/li><li>wyd\u0142u\u017cenie wieku emerytalnego na zasadzie prawa dzia\u0142aj\u0105cego wstecz!!!<\/li><li>fatalna umowa gazowa z Rosj\u0105<\/li><li>ustawa ograniczaj\u0105ca dost\u0119p obywateli do informacji publicznej (ju\u017c po tym wida\u0107, \u017ce chc\u0105 co\u015b ukry\u0107 &#8211; tak samo jak pisuary chc\u0105ce ukry\u0107 wa\u0142y przy okazji pandemii!!!)<\/li><\/ul>\n\n\n\n<p class=\"wp-block-paragraph\">Ta lista jest d\u0142u\u017csza&#8230; znacznie d\u0142u\u017csza. Tu zaprezentowa\u0142em tylko wybrane, mo\u017cna powiedzie\u0107 najsmaczniejsze k\u0105ski. Powoli zaczynam zbiera\u0107 podobn\u0105 list\u0119, tym razem autorstwa szczyn z pisuaru.<\/p>\n","protected":false},"excerpt":{"rendered":"<p>Tak mnie nasz\u0142o. Obserwuj\u0105c ca\u0142\u0105 t\u0105 obecn\u0105 sytuacj\u0119, dochodz\u0119 do jednego wniosku. To wszystko wina Tuska! Tak, kurwa, Tuska! Dobrze czytacie! Gdyby jego banda skurwysyn\u00f3w nie nakr\u0119ci\u0142a przez 8 lat lod\u00f3w jak chuj, to w wyborach w 2015 nar\u00f3d nie wygna\u0142by ich od koryta i nie wybra\u0142by szczyn z pisuaru! Nie zrozumcie mnie \u017ale &#8211; [&hellip;]<\/p>\n","protected":false},"author":3,"featured_media":0,"comment_status":"open","ping_status":"open","sticky":false,"template":"","format":"standard","meta":{"_crdt_document":"","ngg_post_thumbnail":0,"footnotes":""},"categories":[1],"tags":[244,40,41,211,245,54],"class_list":["post-747","post","type-post","status-publish","format-standard","hentry","category-uncategorized","tag-afery","tag-platforma-obywatelska","tag-po","tag-przekrety","tag-schetyna","tag-tusk"],"_links":{"self":[{"href":"https:\/\/www.wezniepierdol.pl\/index.php?rest_route=\/wp\/v2\/posts\/747","targetHints":{"allow":["GET"]}}],"collection":[{"href":"https:\/\/www.wezniepierdol.pl\/index.php?rest_route=\/wp\/v2\/posts"}],"about":[{"href":"https:\/\/www.wezniepierdol.pl\/index.php?rest_route=\/wp\/v2\/types\/post"}],"author":[{"embeddable":true,"href":"https:\/\/www.wezniepierdol.pl\/index.php?rest_route=\/wp\/v2\/users\/3"}],"replies":[{"embeddable":true,"href":"https:\/\/www.wezniepierdol.pl\/index.php?rest_route=%2Fwp%2Fv2%2Fcomments&post=747"}],"version-history":[{"count":2,"href":"https:\/\/www.wezniepierdol.pl\/index.php?rest_route=\/wp\/v2\/posts\/747\/revisions"}],"predecessor-version":[{"id":750,"href":"https:\/\/www.wezniepierdol.pl\/index.php?rest_route=\/wp\/v2\/posts\/747\/revisions\/750"}],"wp:attachment":[{"href":"https:\/\/www.wezniepierdol.pl\/index.php?rest_route=%2Fwp%2Fv2%2Fmedia&parent=747"}],"wp:term":[{"taxonomy":"category","embeddable":true,"href":"https:\/\/www.wezniepierdol.pl\/index.php?rest_route=%2Fwp%2Fv2%2Fcategories&post=747"},{"taxonomy":"post_tag","embeddable":true,"href":"https:\/\/www.wezniepierdol.pl\/index.php?rest_route=%2Fwp%2Fv2%2Ftags&post=747"}],"curies":[{"name":"wp","href":"https:\/\/api.w.org\/{rel}","templated":true}]}}