{"id":912,"date":"2023-03-02T10:01:11","date_gmt":"2023-03-02T08:01:11","guid":{"rendered":"https:\/\/www.wezniepierdol.pl\/?p=912"},"modified":"2023-03-02T10:05:58","modified_gmt":"2023-03-02T08:05:58","slug":"honor-a-sprawa-polska","status":"publish","type":"post","link":"https:\/\/www.wezniepierdol.pl\/?p=912","title":{"rendered":"Honor a sprawa polska"},"content":{"rendered":"\n<p class=\"wp-block-paragraph\">Tragedia w Grecji. Poci\u0105g pasa\u017cerski (wi\u0119kszo\u015b\u0107 w nim to podobno studenci) zderzy\u0142 si\u0119 z towarowym. 36 os\u00f3b zgin\u0119\u0142o, 85 jest rannych. Aby&nbsp;uhonorowa\u0107&nbsp;pami\u0119\u0107 ofiar minister transportu poda\u0142 si\u0119 do dymisji. Jak powiedzia\u0142, bierze&nbsp;odpowiedzialno\u015b\u0107&nbsp;za wieloletnie zaniedbania.<\/p>\n\n\n\n<p class=\"wp-block-paragraph\">A teraz troch\u0119 sience-fiction. Jak by to wygl\u0105da\u0142o w Polsce?<\/p>\n\n\n\n<p class=\"wp-block-paragraph\">Tragedia, zderzy\u0142y si\u0119 dwa poci\u0105gi. Z ca\u0142\u0105 pewno\u015bci\u0105 by\u0142 to zaplanowany przez \u015brodowiska powi\u0105zane z [&#8230;tu wpisz nazw\u0119 aktualnego wroga kraju&#8230;] zamach, maj\u0105cy na celu eliminacj\u0119 naszych intelektualnych elit. Rz\u0105d [&#8230; tu wpisz nazw\u0119 dowolnej partii, kt\u00f3ra rz\u0105dzi\u0142a w Polsce po 1991 roku &#8230;] zwo\u0142a\u0142\u00a0nadzwyczajne\u00a0posiedzenie, na kt\u00f3rym\u00a0ustalono co nast\u0119puje:<br>&#8211; minister transportu powinien dosta\u0107 nagrod\u0119, za wzorowe pe\u0142nienie obowi\u0105zk\u00f3w. Podwy\u017ck\u0119 r\u00f3wnie\u017c, gdy\u017c straty\u00a0moralne jakich\u00a0dozna\u0142 s\u0105 nieszacowalne,<br>&#8211; powo\u0142ana zostanie specjalna komisja, kt\u00f3ra wyja\u015bni przyczyny wypadku i bezsprzecznie udowodni, \u017ce to by\u0142 zamach,<br>&#8211; rz\u0105d zapowiedzia\u0142 szeroko zakrojon\u0105 pomoc rodzinom ofiar &#8211; premier (lub osoba przez niego oddelegowana) osobi\u015bcie przyjedzie pociesza\u0107 rodziny, poklepie po ramieniu ka\u017cdego, kto b\u0119dzie tego potrzebowa\u0142,<br>&#8211;\u00a0narracja jak\u0105\u00a0podejmie partia rz\u0105dz\u0105ca jednoznacznie oskar\u017cy opozycj\u0119 o wsp\u00f3\u0142udzia\u0142,\u00a0bo przecie\u017c przeciwstawianie si\u0119 rz\u0105dz\u0105cym to jest wspieranie wrog\u00f3w narodu,<br>&#8211; bezpo\u015brednim sprawc\u0105 zamachu zostanie jaki\u015b losowo wybrany obywatel, kt\u00f3ry akurat by\u0142 w pobli\u017cu, w wyborach nie g\u0142osowa\u0142 na rz\u0105dz\u0105cych, co okrzyknie si\u0119\u00a0jednoznacznym\u00a0i niepodwa\u017calnym dowodem na kolaboracj\u0119 z wrogiem.<\/p>\n","protected":false},"excerpt":{"rendered":"<p>Tragedia w Grecji. Poci\u0105g pasa\u017cerski (wi\u0119kszo\u015b\u0107 w nim to podobno studenci) zderzy\u0142 si\u0119 z towarowym. 36 os\u00f3b zgin\u0119\u0142o, 85 jest rannych. Aby&nbsp;uhonorowa\u0107&nbsp;pami\u0119\u0107 ofiar minister transportu poda\u0142 si\u0119 do dymisji. Jak powiedzia\u0142, bierze&nbsp;odpowiedzialno\u015b\u0107&nbsp;za wieloletnie zaniedbania. A teraz troch\u0119 sience-fiction. Jak by to wygl\u0105da\u0142o w Polsce? Tragedia, zderzy\u0142y si\u0119 dwa poci\u0105gi. Z ca\u0142\u0105 pewno\u015bci\u0105 by\u0142 to zaplanowany [&hellip;]<\/p>\n","protected":false},"author":3,"featured_media":0,"comment_status":"open","ping_status":"open","sticky":false,"template":"","format":"standard","meta":{"_crdt_document":"","ngg_post_thumbnail":0,"footnotes":""},"categories":[1],"tags":[344,349,347,350,345,348,32,346],"class_list":["post-912","post","type-post","status-publish","format-standard","hentry","category-uncategorized","tag-katastroa-kolejowa","tag-kolej","tag-minister-transportu","tag-ofiary","tag-pociag","tag-transport","tag-wypadek","tag-zderzenie"],"_links":{"self":[{"href":"https:\/\/www.wezniepierdol.pl\/index.php?rest_route=\/wp\/v2\/posts\/912","targetHints":{"allow":["GET"]}}],"collection":[{"href":"https:\/\/www.wezniepierdol.pl\/index.php?rest_route=\/wp\/v2\/posts"}],"about":[{"href":"https:\/\/www.wezniepierdol.pl\/index.php?rest_route=\/wp\/v2\/types\/post"}],"author":[{"embeddable":true,"href":"https:\/\/www.wezniepierdol.pl\/index.php?rest_route=\/wp\/v2\/users\/3"}],"replies":[{"embeddable":true,"href":"https:\/\/www.wezniepierdol.pl\/index.php?rest_route=%2Fwp%2Fv2%2Fcomments&post=912"}],"version-history":[{"count":3,"href":"https:\/\/www.wezniepierdol.pl\/index.php?rest_route=\/wp\/v2\/posts\/912\/revisions"}],"predecessor-version":[{"id":917,"href":"https:\/\/www.wezniepierdol.pl\/index.php?rest_route=\/wp\/v2\/posts\/912\/revisions\/917"}],"wp:attachment":[{"href":"https:\/\/www.wezniepierdol.pl\/index.php?rest_route=%2Fwp%2Fv2%2Fmedia&parent=912"}],"wp:term":[{"taxonomy":"category","embeddable":true,"href":"https:\/\/www.wezniepierdol.pl\/index.php?rest_route=%2Fwp%2Fv2%2Fcategories&post=912"},{"taxonomy":"post_tag","embeddable":true,"href":"https:\/\/www.wezniepierdol.pl\/index.php?rest_route=%2Fwp%2Fv2%2Ftags&post=912"}],"curies":[{"name":"wp","href":"https:\/\/api.w.org\/{rel}","templated":true}]}}